{"id":507,"date":"2016-03-21T19:44:21","date_gmt":"2016-03-21T19:44:21","guid":{"rendered":"http:\/\/cpgarciagaldeano.educacion.navarra.es\/web\/blog5\/?p=507"},"modified":"2016-05-11T15:17:21","modified_gmt":"2016-05-11T15:17:21","slug":"antigua-roma","status":"publish","type":"post","link":"https:\/\/cpgarciagaldeano.educacion.navarra.es\/web\/blog5\/2016\/03\/21\/antigua-roma\/","title":{"rendered":"ANTIGUA ROMA"},"content":{"rendered":"<h2 style=\"text-align: justify;\" align=\"center\">La pen\u00ednsula que ocup\u00f3 la cultura romana se encuentra en el centro del mar, lo cual influenci\u00f3 el dominio romano en las costas mediterr\u00e1neas y por lo tanto de las culturas aleda\u00f1as. Ha de ser, en este espacio geogr\u00e1fico donde se formara un enorme legado cultural del mundo cl\u00e1sico, que llega hasta nuestros d\u00edas y a\u00fan vigente, como son, la lengua, la filosof\u00eda, la ciencia, y conceptos como los de ciudadan\u00eda y democracia.<\/h2>\n<h1 style=\"text-align: center;\" align=\"center\"><span style=\"font-family: Arial; font-size: x-large;\">\u00bfQUIERES SER UN BUEN CIUDADANO ROMANO?<\/span><\/h1>\n<p align=\"center\"><a href=\"https:\/\/cpgarciagaldeano.educacion.navarra.es\/web\/blog5\/wp-content\/uploads\/sites\/2\/2016\/03\/Imagen7.jpg\"><img loading=\"lazy\" style=\"float: left; padding-top: 0px; padding-left: 0px; padding-right: 0px; border-width: 0px;\" title=\"Imagen7\" src=\"https:\/\/cpgarciagaldeano.educacion.navarra.es\/web\/blog5\/wp-content\/uploads\/sites\/2\/2016\/03\/Imagen7_thumb.jpg\" alt=\"Imagen7\" width=\"120\" height=\"143\" align=\"left\" border=\"0\" \/><\/a>Tened cuidado\u2026<\/p>\n<p align=\"center\">Est\u00e1is a punto de ser capturados, vendidos como esclavos y entrenados para convertiros en\u00a0 gladiador\/as romanos.<\/p>\n<p align=\"center\"><strong>Completad las misiones<\/strong> y logrear\u00e9is ser<\/p>\n<p style=\"text-align: center; padding-left: 90px;\" align=\"center\"><strong>\u00a1Ciudadanos libres!<\/strong><\/p>\n<p style=\"text-align: right;\" align=\"right\">\u00a0 \u00a0 Averiguad lo que el destino os espera \u2026\u00a0\u00a0\u00a0\u00a0\u00a0\u00a0\u00a0\u00a0\u00a0\u00a0\u00a0\u00a0\u00a0\u00a0\u00a0\u00a0\u00a0\u00a0\u00a0\u00a0\u00a0\u00a0\u00a0\u00a0\u00a0 <a href=\"https:\/\/cpgarciagaldeano.educacion.navarra.es\/web\/blog5\/wp-content\/uploads\/sites\/2\/2016\/03\/Imagen8.jpg\"><img loading=\"lazy\" style=\"padding-top: 0px; padding-left: 0px; padding-right: 0px; border-width: 0px;\" title=\"Imagen8\" src=\"https:\/\/cpgarciagaldeano.educacion.navarra.es\/web\/blog5\/wp-content\/uploads\/sites\/2\/2016\/03\/Imagen8_thumb.jpg\" alt=\"Imagen8\" width=\"177\" height=\"137\" border=\"0\" \/><\/a><\/p>\n<h1><strong>Misi\u00f3n I<\/strong><\/h1>\n<p>Localiza en el mapa la ciudad de Roma. Debes viajar a Roma. Para ello, traza la ruta que seguir\u00e1s para\u00a0 ir de Hispania a Roma.<\/p>\n<p><img loading=\"lazy\" class=\"aligncenter wp-image-509 size-full\" src=\"https:\/\/cpgarciagaldeano.educacion.navarra.es\/web\/blog5\/wp-content\/uploads\/sites\/2\/2016\/03\/imperio_romano.jpg\" alt=\"imperio_romano\" width=\"593\" height=\"505\" srcset=\"https:\/\/cpgarciagaldeano.educacion.navarra.es\/web\/blog5\/wp-content\/uploads\/sites\/2\/2016\/03\/imperio_romano.jpg 593w, https:\/\/cpgarciagaldeano.educacion.navarra.es\/web\/blog5\/wp-content\/uploads\/sites\/2\/2016\/03\/imperio_romano-300x255.jpg 300w, https:\/\/cpgarciagaldeano.educacion.navarra.es\/web\/blog5\/wp-content\/uploads\/sites\/2\/2016\/03\/imperio_romano-352x300.jpg 352w\" sizes=\"(max-width: 593px) 100vw, 593px\" \/><\/p>\n<p style=\"text-align: justify;\">Seg\u00fan la leyenda, Roma fue fundada el a\u00f1o 753 a.c por los hermanos gemelos R\u00f3mulo y Remo. Fue edificada en siete colinas a orillas del r\u00edo T\u00edber.<\/p>\n<p style=\"text-align: center;\">\u00a1Enhorabuena hab\u00e9is llegado a Roma!<\/p>\n<h1><strong>Misi\u00f3n II<\/strong><\/h1>\n<p style=\"text-align: justify;\">Bajo el imperio, Roma contaba con m\u00e1s de un mill\u00f3n de habitantes. Era una ciudad magn\u00edfica.<\/p>\n<p style=\"text-align: justify;\">Los romanos fueron notables constructores,\u00a0crearon grandes ciudades con un trazado cuadriculado, con amplias calles empedradas y rodeadas de murallas. Ten\u00edan alcantarillado y el agua era llevada a las fuentes p\u00fablicas de la ciudad por los acueductos.<\/p>\n<p style=\"text-align: justify;\">En el centro de la ciudad estaba el foro, una gran plaza rodeada de edificios p\u00fablicos, templos y tiendas.<\/p>\n<p style=\"text-align: justify;\">Los ricos viv\u00edan en viviendas unifamiliares llamadas <strong>domus<\/strong>. Los m\u00e1s humildes habitaban casas de pisos, llamadas<strong> insulae<\/strong>.<\/p>\n<p style=\"text-align: justify;\">Para el entretenimiento y recreo de los habitantes, las ciudades dispon\u00edan de teatros, termas, anfiteatros y circos.<\/p>\n<p style=\"text-align: justify;\">Las ciudades eran el centro de la vida social, econ\u00f3mica, pol\u00edtica y cultural de mundo romano.<\/p>\n<p>VISITA VIRTUAL \u00a0<a href=\"http:\/\/multimedia.lacaixa.es\/lacaixa\/ondemand\/obrasocial\/interactivo\/romanorumvita\/es\/visita_virtual.htm\" target=\"_blank\">Ciudad Romana<\/a><\/p>\n<p style=\"text-align: center;\"><strong>EL ENIGMA DE MEDUSA<\/strong><\/p>\n<p style=\"text-align: justify;\">Un d\u00eda de primavera, Nancy y Jason, junto con sus compa\u00f1eros de clase, llegaron a Tarragona para pasar el d\u00eda y poder visitar los restos romanos de la ciudad. Ya hac\u00eda tiempo que la maestra N\u00faria preparaba esta visita\u00a0 y les hab\u00eda explicado como viv\u00edan los romanos, que casas ten\u00edan, que com\u00edan y como jugaban los ni\u00f1os y ni\u00f1as de esa edad.<\/p>\n<p style=\"text-align: justify;\">Al bajar del autocar, todos se prepararon para almorzar en el Paseo de las Palmeras, pero unas nubes negras que tapaban el cielo descargaron s\u00fabitamente una fuerte tormenta que oblig\u00f3 al grupo a buscar un sitio donde refugiarse.\u00a0 Corrieron hacia el circo en espera a que el tiempo mejorara y poder continuar la visita. La maestra les pidi\u00f3 que no se alejaran y permaneciesen todos juntos, pero Nancy y Jason\u00a0\u00a0 que eran muy traviesos y amantes de las aventuras, empezaron a explorar por su cuenta el largo pasadizo y el oscuro y h\u00famedo subterr\u00e1neo. Sin darse cuenta se distanciaron y llegaron a una peque\u00f1a cueva que los arque\u00f3logos hab\u00edan estado excavando. Nancy tuvo miedo y quer\u00eda volver con el grupo, pero Jason la par\u00f3 al o\u00edr un grito a lo lejos. Al acercarse a las ruinas romanas, vieron una estatua de una ni\u00f1a que sosten\u00eda una mu\u00f1eca en sus manos. La figura mov\u00eda su cara y le resbalaban unas l\u00e1grimas por sus mejillas. Los dos ni\u00f1os se quedaron sorprendidos y se acercaron lentamente.<\/p>\n<ul style=\"text-align: justify;\">\n<li>\u00bfQui\u00e9n eres?<\/li>\n<li>\u00a1Ay, pobre de mi! Me llamo Virginia y hace muchos a\u00f1os que la malvada hada Medusa, celosa de mi juventud y hermosura, me petrific\u00f3 y me castig\u00f3 a no ver jam\u00e1s la luz del sol. La mir\u00e9 a los ojos y me transform\u00f3 en una estatua de piedra. Y as\u00ed llevo 2000 a\u00f1os, alejada de mi familia y amigos.<\/li>\n<li>\u00bf Y c\u00f3mo te podemos ayudar?<\/li>\n<li>Para que pueda volver a casa y ser como era antes, ten\u00e9is que resolver 7 enigmas y encontrar las 7 piedras m\u00e1gicas que contienen una letra escrita.<\/li>\n<li>\u00bfSiete piedras con una letra escrita? \u00a1Esto es imposible!<\/li>\n<\/ul>\n<p style=\"text-align: justify;\">Los dos ni\u00f1os se quedaron muy preocupados, quer\u00edan ayudar a Virginia pero no pod\u00edan dejar el grupo si no quer\u00edan recibir un castigo de su maestra.<\/p>\n<ul>\n<li style=\"text-align: justify;\">\u00a1La tenemos que ayudar, pobre! Tenemos que encontrar las siete piedras m\u00e1gicas. Dijo Nancy.<\/li>\n<li style=\"text-align: justify;\">\u00bfY la maestra?<\/li>\n<li style=\"text-align: justify;\">No sufras, como llueve mucho no se dar\u00e1 cuenta de que no estamos, \u00a1ya sabes que es muy despistada!<\/li>\n<li style=\"text-align: justify;\">\u00bfPor donde hemos de empezar? Preguntaron los dos ni\u00f1os.<\/li>\n<li style=\"text-align: justify;\">Debajo la piedra encantar\u00e9is siete pergaminos con los enigmas escritos. Deb\u00e9is atravesar una de las puertas del tiempo que hay en el pasillo y volver a la ciudad romana. No os equivoqu\u00e9is de puerta, poned mucha atenci\u00f3n e id con cuidado porque si Medusa os ve y la mir\u00e1is a los ojos pod\u00e9is caer en el mismo hechizo que yo. Y, sobre todo, \u00a1daros prisa porque si la puerta se cierra, nunca m\u00e1s podr\u00e9is volver a casa!. \u00a1Buena Suerte!<\/li>\n<li>De acuerdo, pronto ser\u00e1s libre y podr\u00e1s volver con tu familia.<\/li>\n<\/ul>\n<p style=\"text-align: center;\">\u00a1BUENA SUERTE!<\/p>\n<p style=\"text-align: center;\"><img loading=\"lazy\" class=\"aligncenter wp-image-523 size-medium\" src=\"https:\/\/cpgarciagaldeano.educacion.navarra.es\/web\/blog5\/wp-content\/uploads\/sites\/2\/2016\/03\/medusa-220x300.jpg\" alt=\"medusa\" width=\"220\" height=\"300\" srcset=\"https:\/\/cpgarciagaldeano.educacion.navarra.es\/web\/blog5\/wp-content\/uploads\/sites\/2\/2016\/03\/medusa-220x300.jpg 220w, https:\/\/cpgarciagaldeano.educacion.navarra.es\/web\/blog5\/wp-content\/uploads\/sites\/2\/2016\/03\/medusa.jpg 451w\" sizes=\"(max-width: 220px) 100vw, 220px\" \/><strong>\u00a1Debes regresar a Hispania!<\/strong><\/p>\n<p style=\"text-align: center;\">\u00a0\u00a1Corre!<\/p>\n<p style=\"text-align: center;\"><span style=\"color: #000000;\">\u00bfD\u00f3nde estar\u00e1<strong> Pompeyo<\/strong>?&#8230; <strong>Encu\u00e9ntralo y re\u00fanete con \u00e9l y su ej\u00e9rcito<\/strong><\/span><\/p>\n<h1><strong>Misi\u00f3n III<\/strong><\/h1>\n<p>Localiza en el mapa estas ciudades y villas romanas y encuentra a Pompeyo.<\/p>\n<p>Ciudades y villas romanas en Navarra<\/p>\n<p>Los romanos fundaron numerosas ciudades y villas en Navarra.<\/p>\n<ul>\n<li>La primera ciudad que fundaron fue \u201cPompaelo\u201d <b>(Pamplona). <\/b>Esta ciudad se desarroll\u00f3 a partir de un poblado localizado Donde hoy en d\u00eda encontramos la catedral y el burgo de Navarrer\u00eda. Esta poblaci\u00f3n, naci\u00f3 probablemente, a partir de un campamento militar establecido por Pompeyo establecido el 75-74 a.c.<\/li>\n<li>Andelos (andi\u00f3n)<\/li>\n<li>Cascantum (cascante)<\/li>\n<li>Cara (santacara)<\/li>\n<li>Llunberri (Lumbier)<\/li>\n<\/ul>\n<p>Las villas romanas en territorio vasc\u00f3n eran grandes y ricas explotaciones agr\u00edcolas. Entre los restos de villas sobresalen los hallados en Li\u00e9dena, Arellano, Falces\u2026<\/p>\n<p><img loading=\"lazy\" class=\"aligncenter wp-image-521 size-full\" src=\"https:\/\/cpgarciagaldeano.educacion.navarra.es\/web\/blog5\/wp-content\/uploads\/sites\/2\/2016\/03\/Mapa-de-Navarra.jpg\" alt=\"Mapa-de-Navarra\" width=\"479\" height=\"514\" srcset=\"https:\/\/cpgarciagaldeano.educacion.navarra.es\/web\/blog5\/wp-content\/uploads\/sites\/2\/2016\/03\/Mapa-de-Navarra.jpg 479w, https:\/\/cpgarciagaldeano.educacion.navarra.es\/web\/blog5\/wp-content\/uploads\/sites\/2\/2016\/03\/Mapa-de-Navarra-280x300.jpg 280w\" sizes=\"(max-width: 479px) 100vw, 479px\" \/><\/p>\n<h1>Misi\u00f3n IV<\/h1>\n<p style=\"text-align: center;\"><strong><span style=\"color: #ff0000;\">Vini, vidi, vici<\/span><\/strong><\/p>\n<p style=\"text-align: center;\"><strong><span style=\"color: #ff0000;\">\u00a1Vine, vi y venc\u00ed!<\/span><\/strong><\/p>\n<p style=\"text-align: justify;\">Los romanos estaban orgullosos de su ej\u00e9rcito y de sus victorias. El ej\u00e9rcito estaba constituido por todos los hombres libres aunque en caso de gran peligro obligaban a los esclavos a combatir. Ten\u00eda una organizaci\u00f3n muy estricta y era muy eficaz.<\/p>\n<p style=\"text-align: center;\"><strong>\u00bfQuieres formar parte de las legiones romanas?<\/strong><\/p>\n<p>El Imperio Romano creci\u00f3 r\u00e1pidamente debido a su ej\u00e9rcito grande y h\u00e1bil. La vida de un soldado fue muy dura, estaban bien armados y entrenados para batallas peligrosas. Vamos a averiguar los requisitos para formar parte de sus tropas, la vida de estos soldados y su equipamiento militar.<\/p>\n<ul>\n<li style=\"text-align: justify;\">Deber\u00e9is descargaros el <a href=\"https:\/\/drive.google.com\/file\/d\/0B4A235cc9YNqZnpkb0ZQejVJN0k\/view?usp=sharing\" target=\"_blank\">cuestionario<\/a> y averiguar si pod\u00e9is formar parte de las legiones Romanas<\/li>\n<li style=\"text-align: left;\">Descargad y leer lo que os espera\u00a0<a href=\"https:\/\/drive.google.com\/file\/d\/0B4A235cc9YNqU2F0N1QxQmlZc1U\/view?usp=sharing\" target=\"_blank\">VIDA DE UN LEGIONARIO ROMANO<\/a><\/li>\n<li style=\"text-align: left;\">Viste al soldado romano\u00a0<a href=\"http:\/\/www.schoolsliaison.org.uk\/kids\/preload.htm\" target=\"_blank\">Viste a un soldado romano<\/a><\/li>\n<\/ul>\n<p style=\"text-align: center;\"><img loading=\"lazy\" class=\"wp-image-549 size-thumbnail aligncenter\" src=\"https:\/\/cpgarciagaldeano.educacion.navarra.es\/web\/blog5\/wp-content\/uploads\/sites\/2\/2016\/03\/soldado-150x150.jpg\" alt=\"soldado\" width=\"150\" height=\"150\" \/><\/p>\n<ul>\n<li style=\"text-align: left;\">Somos esp\u00edas. T\u00e9cnicas de espionaje Romano<a href=\"https:\/\/cpgarciagaldeano.educacion.navarra.es\/web\/blog5\/wp-content\/uploads\/sites\/2\/2016\/03\/collageespionaje.jpg\"><img loading=\"lazy\" class=\"aligncenter wp-image-666 size-full\" src=\"https:\/\/cpgarciagaldeano.educacion.navarra.es\/web\/blog5\/wp-content\/uploads\/sites\/2\/2016\/03\/collageespionaje.jpg\" alt=\"collageespionaje\" width=\"1200\" height=\"1200\" srcset=\"https:\/\/cpgarciagaldeano.educacion.navarra.es\/web\/blog5\/wp-content\/uploads\/sites\/2\/2016\/03\/collageespionaje.jpg 1200w, https:\/\/cpgarciagaldeano.educacion.navarra.es\/web\/blog5\/wp-content\/uploads\/sites\/2\/2016\/03\/collageespionaje-150x150.jpg 150w, https:\/\/cpgarciagaldeano.educacion.navarra.es\/web\/blog5\/wp-content\/uploads\/sites\/2\/2016\/03\/collageespionaje-300x300.jpg 300w, https:\/\/cpgarciagaldeano.educacion.navarra.es\/web\/blog5\/wp-content\/uploads\/sites\/2\/2016\/03\/collageespionaje-768x768.jpg 768w, https:\/\/cpgarciagaldeano.educacion.navarra.es\/web\/blog5\/wp-content\/uploads\/sites\/2\/2016\/03\/collageespionaje-1024x1024.jpg 1024w\" sizes=\"(max-width: 1200px) 100vw, 1200px\" \/><\/a><a href=\"https:\/\/cpgarciagaldeano.educacion.navarra.es\/web\/blog5\/wp-content\/uploads\/sites\/2\/2016\/03\/collageespionaje2.jpg\"><img loading=\"lazy\" class=\"alignnone wp-image-665 size-full\" src=\"https:\/\/cpgarciagaldeano.educacion.navarra.es\/web\/blog5\/wp-content\/uploads\/sites\/2\/2016\/03\/collageespionaje2.jpg\" alt=\"collageespionaje2\" width=\"1200\" height=\"1200\" srcset=\"https:\/\/cpgarciagaldeano.educacion.navarra.es\/web\/blog5\/wp-content\/uploads\/sites\/2\/2016\/03\/collageespionaje2.jpg 1200w, https:\/\/cpgarciagaldeano.educacion.navarra.es\/web\/blog5\/wp-content\/uploads\/sites\/2\/2016\/03\/collageespionaje2-150x150.jpg 150w, https:\/\/cpgarciagaldeano.educacion.navarra.es\/web\/blog5\/wp-content\/uploads\/sites\/2\/2016\/03\/collageespionaje2-300x300.jpg 300w, https:\/\/cpgarciagaldeano.educacion.navarra.es\/web\/blog5\/wp-content\/uploads\/sites\/2\/2016\/03\/collageespionaje2-768x768.jpg 768w, https:\/\/cpgarciagaldeano.educacion.navarra.es\/web\/blog5\/wp-content\/uploads\/sites\/2\/2016\/03\/collageespionaje2-1024x1024.jpg 1024w\" sizes=\"(max-width: 1200px) 100vw, 1200px\" \/><\/a><\/li>\n<\/ul>\n","protected":false},"excerpt":{"rendered":"<p>La pen\u00ednsula que ocup\u00f3 la cultura romana se encuentra en el centro del mar, lo cual influenci\u00f3 el dominio romano en las costas mediterr\u00e1neas y por lo tanto de las culturas aleda\u00f1as. Ha de ser, en este espacio geogr\u00e1fico donde &hellip; <a href=\"https:\/\/cpgarciagaldeano.educacion.navarra.es\/web\/blog5\/2016\/03\/21\/antigua-roma\/\">Sigue leyendo <span class=\"meta-nav\">&rarr;<\/span><\/a><\/p>\n","protected":false},"author":2,"featured_media":0,"comment_status":"closed","ping_status":"open","sticky":false,"template":"","format":"standard","meta":[],"categories":[19],"tags":[],"_links":{"self":[{"href":"https:\/\/cpgarciagaldeano.educacion.navarra.es\/web\/blog5\/wp-json\/wp\/v2\/posts\/507"}],"collection":[{"href":"https:\/\/cpgarciagaldeano.educacion.navarra.es\/web\/blog5\/wp-json\/wp\/v2\/posts"}],"about":[{"href":"https:\/\/cpgarciagaldeano.educacion.navarra.es\/web\/blog5\/wp-json\/wp\/v2\/types\/post"}],"author":[{"embeddable":true,"href":"https:\/\/cpgarciagaldeano.educacion.navarra.es\/web\/blog5\/wp-json\/wp\/v2\/users\/2"}],"replies":[{"embeddable":true,"href":"https:\/\/cpgarciagaldeano.educacion.navarra.es\/web\/blog5\/wp-json\/wp\/v2\/comments?post=507"}],"version-history":[{"count":20,"href":"https:\/\/cpgarciagaldeano.educacion.navarra.es\/web\/blog5\/wp-json\/wp\/v2\/posts\/507\/revisions"}],"predecessor-version":[{"id":664,"href":"https:\/\/cpgarciagaldeano.educacion.navarra.es\/web\/blog5\/wp-json\/wp\/v2\/posts\/507\/revisions\/664"}],"wp:attachment":[{"href":"https:\/\/cpgarciagaldeano.educacion.navarra.es\/web\/blog5\/wp-json\/wp\/v2\/media?parent=507"}],"wp:term":[{"taxonomy":"category","embeddable":true,"href":"https:\/\/cpgarciagaldeano.educacion.navarra.es\/web\/blog5\/wp-json\/wp\/v2\/categories?post=507"},{"taxonomy":"post_tag","embeddable":true,"href":"https:\/\/cpgarciagaldeano.educacion.navarra.es\/web\/blog5\/wp-json\/wp\/v2\/tags?post=507"}],"curies":[{"name":"wp","href":"https:\/\/api.w.org\/{rel}","templated":true}]}}