{"id":671,"date":"2016-05-12T10:38:38","date_gmt":"2016-05-12T10:38:38","guid":{"rendered":"http:\/\/cpgarciagaldeano.educacion.navarra.es\/web\/blog5\/?p=671"},"modified":"2016-06-05T09:15:19","modified_gmt":"2016-06-05T09:15:19","slug":"pan-y-circo","status":"publish","type":"post","link":"https:\/\/cpgarciagaldeano.educacion.navarra.es\/web\/blog5\/2016\/05\/12\/pan-y-circo\/","title":{"rendered":"PAN Y CIRCO"},"content":{"rendered":"<h1 style=\"text-align: left\">MISI\u00d3N V<\/h1>\n<h1 style=\"text-align: center\">\u00bfQu\u00e9 com\u00edan los\u00a0Romanos?<\/h1>\n<h3 style=\"text-align: center\">\u00abPan para comer y\u00a0 circo para\u00a0entretener\u00bb<\/h3>\n<p>Es com\u00fan que se hable de los banquetes romanos pero&#8230;\u00a0\u00bfQu\u00e9 com\u00edan a diario?.<\/p>\n<p style=\"text-align: justify\">La poblaci\u00f3n de los alrededores iba a la ciudad para comprar y vender productos agr\u00edcolas y artesanales, hacer negocios o asistir a espect\u00e1culos p\u00fablicos.<\/p>\n<p style=\"text-align: justify\">En las ciudades hab\u00eda talleres donde trabajaban tejedores, zapateros, orfebres, alfareros&#8230;. y tiendas en las que se vend\u00edan los productos agr\u00edcolas que se recog\u00edan en el campo.<\/p>\n<h3><a href=\"https:\/\/cpgarciagaldeano.educacion.navarra.es\/web\/blog5\/wp-content\/uploads\/sites\/2\/2016\/05\/FotorCreated.jpg\"><img loading=\"lazy\" class=\"aligncenter wp-image-677 size-medium\" src=\"https:\/\/cpgarciagaldeano.educacion.navarra.es\/web\/blog5\/wp-content\/uploads\/sites\/2\/2016\/05\/FotorCreated-300x169.jpg\" alt=\"FotorCreated\" width=\"300\" height=\"169\" srcset=\"https:\/\/cpgarciagaldeano.educacion.navarra.es\/web\/blog5\/wp-content\/uploads\/sites\/2\/2016\/05\/FotorCreated-300x169.jpg 300w, https:\/\/cpgarciagaldeano.educacion.navarra.es\/web\/blog5\/wp-content\/uploads\/sites\/2\/2016\/05\/FotorCreated-768x432.jpg 768w, https:\/\/cpgarciagaldeano.educacion.navarra.es\/web\/blog5\/wp-content\/uploads\/sites\/2\/2016\/05\/FotorCreated-1024x576.jpg 1024w, https:\/\/cpgarciagaldeano.educacion.navarra.es\/web\/blog5\/wp-content\/uploads\/sites\/2\/2016\/05\/FotorCreated-500x281.jpg 500w, https:\/\/cpgarciagaldeano.educacion.navarra.es\/web\/blog5\/wp-content\/uploads\/sites\/2\/2016\/05\/FotorCreated.jpg 1366w\" sizes=\"(max-width: 300px) 100vw, 300px\" \/><\/a><\/h3>\n<h3>Interpretaci\u00f3n de datos:<\/h3>\n<p>Cada miembro del grupo dispone de una cierta informaci\u00f3n para poder responder a estas preguntas. Leer con detenimiento y obtendr\u00e9is las respuesta que deber\u00e9is escribir y enviar.<\/p>\n<h3>\u00bfQu\u00e9 com\u00edan los Romanos?<\/h3>\n<p>Vuestras respuestas han sido enviadas correctamente.<\/p>\n<h1 style=\"text-align: center\"><strong>\u00bfCIRCO para entretener?<\/strong><\/h1>\n<p>Para el entretenimiento, la ciudad dispon\u00eda de termas, teatros, anfiteatros y circos\u2026<\/p>\n<p><strong><a href=\"https:\/\/cpgarciagaldeano.educacion.navarra.es\/web\/blog5\/wp-content\/uploads\/sites\/2\/2015\/12\/Andelos.jpg\"><img loading=\"lazy\" class=\"alignleft wp-image-733 size-thumbnail\" src=\"https:\/\/cpgarciagaldeano.educacion.navarra.es\/web\/blog5\/wp-content\/uploads\/sites\/2\/2015\/12\/Andelos-150x150.jpg\" alt=\"Andelos\" width=\"150\" height=\"150\" \/><\/a>VISITA<\/strong>\u00a0a la <strong>CIUDAD ROMANA DE ANDELOS<\/strong><\/p>\n<p>Todos\/as ten\u00e9is un n\u00famero el cual corresponde a un espacio de la ciudad de Andelos. Deber\u00e9is estudiar e investigar sobre esta localizaci\u00f3n para poder explicarles \u201dIn situ\u201d a vuestros compa\u00f1eros\/as.<\/p>\n<h1 style=\"text-align: left\">PLANO CIUDAD DE ANDELOS<\/h1>\n<p style=\"text-align: center\"><a href=\"https:\/\/cpgarciagaldeano.educacion.navarra.es\/web\/blog5\/wp-content\/uploads\/sites\/2\/2016\/05\/mapa-Andelos.jpg\"><img loading=\"lazy\" class=\"alignleft wp-image-736 size-medium\" src=\"https:\/\/cpgarciagaldeano.educacion.navarra.es\/web\/blog5\/wp-content\/uploads\/sites\/2\/2016\/05\/mapa-Andelos-207x300.jpg\" alt=\"mapa Andelos\" width=\"207\" height=\"300\" srcset=\"https:\/\/cpgarciagaldeano.educacion.navarra.es\/web\/blog5\/wp-content\/uploads\/sites\/2\/2016\/05\/mapa-Andelos-207x300.jpg 207w, https:\/\/cpgarciagaldeano.educacion.navarra.es\/web\/blog5\/wp-content\/uploads\/sites\/2\/2016\/05\/mapa-Andelos-768x1113.jpg 768w, https:\/\/cpgarciagaldeano.educacion.navarra.es\/web\/blog5\/wp-content\/uploads\/sites\/2\/2016\/05\/mapa-Andelos-706x1024.jpg 706w, https:\/\/cpgarciagaldeano.educacion.navarra.es\/web\/blog5\/wp-content\/uploads\/sites\/2\/2016\/05\/mapa-Andelos.jpg 1137w\" sizes=\"(max-width: 207px) 100vw, 207px\" \/><\/a><strong><span style=\"color: #ff6600\">Descarga de archivos<\/span><\/strong><\/p>\n<p style=\"text-align: center\"><a href=\"https:\/\/cpgarciagaldeano.educacion.navarra.es\/web\/blog5\/wp-content\/uploads\/sites\/2\/2016\/05\/Andelos1.docx\">Andelos1<\/a><\/p>\n<p style=\"text-align: center\"><a href=\"https:\/\/cpgarciagaldeano.educacion.navarra.es\/web\/blog5\/wp-content\/uploads\/sites\/2\/2016\/05\/Andelos2.docx\">Andelos2<\/a><\/p>\n<p style=\"text-align: center\"><a href=\"https:\/\/cpgarciagaldeano.educacion.navarra.es\/web\/blog5\/wp-content\/uploads\/sites\/2\/2016\/05\/Andelos3.docx\">Andelos3<\/a><\/p>\n<p style=\"text-align: center\"><a href=\"https:\/\/cpgarciagaldeano.educacion.navarra.es\/web\/blog5\/wp-content\/uploads\/sites\/2\/2016\/05\/Andelos5.docx\">Andelos5<\/a><\/p>\n<p style=\"text-align: center\"><a href=\"https:\/\/cpgarciagaldeano.educacion.navarra.es\/web\/blog5\/wp-content\/uploads\/sites\/2\/2016\/05\/Andelos7.docx\">Andelos7<\/a><\/p>\n<p style=\"text-align: center\"><a href=\"https:\/\/cpgarciagaldeano.educacion.navarra.es\/web\/blog5\/wp-content\/uploads\/sites\/2\/2016\/05\/Andelos8.docx\">Andelos8<\/a><\/p>\n<p style=\"text-align: center;padding-left: 240px\"><a href=\"https:\/\/cpgarciagaldeano.educacion.navarra.es\/web\/blog5\/wp-content\/uploads\/sites\/2\/2016\/05\/Andelos9.docx\">Andelos9<\/a><\/p>\n<p style=\"text-align: center;padding-left: 240px\"><a href=\"https:\/\/cpgarciagaldeano.educacion.navarra.es\/web\/blog5\/wp-content\/uploads\/sites\/2\/2016\/05\/Andelos11.pdf\">Andelos11<\/a><\/p>\n<p style=\"text-align: center;padding-left: 240px\"><a href=\"https:\/\/cpgarciagaldeano.educacion.navarra.es\/web\/blog5\/wp-content\/uploads\/sites\/2\/2016\/05\/Andelos12.pdf\">Andelos12<\/a><\/p>\n<p style=\"text-align: center;padding-left: 240px\"><a href=\"https:\/\/cpgarciagaldeano.educacion.navarra.es\/web\/blog5\/wp-content\/uploads\/sites\/2\/2016\/05\/Andelos13.docx\">Andelos13<\/a><\/p>\n<p style=\"text-align: center;padding-left: 240px\"><a href=\"https:\/\/cpgarciagaldeano.educacion.navarra.es\/web\/blog5\/wp-content\/uploads\/sites\/2\/2016\/05\/Andelos14.pdf\">Andelos14<\/a><\/p>\n<p>&nbsp;<\/p>\n","protected":false},"excerpt":{"rendered":"<p>MISI\u00d3N V \u00bfQu\u00e9 com\u00edan los\u00a0Romanos? \u00abPan para comer y\u00a0 circo para\u00a0entretener\u00bb Es com\u00fan que se hable de los banquetes romanos pero&#8230;\u00a0\u00bfQu\u00e9 com\u00edan a diario?. La poblaci\u00f3n de los alrededores iba a la ciudad para comprar y vender productos agr\u00edcolas y &hellip; <a href=\"https:\/\/cpgarciagaldeano.educacion.navarra.es\/web\/blog5\/2016\/05\/12\/pan-y-circo\/\">Sigue leyendo <span class=\"meta-nav\">&rarr;<\/span><\/a><\/p>\n","protected":false},"author":2,"featured_media":0,"comment_status":"closed","ping_status":"open","sticky":false,"template":"","format":"standard","meta":[],"categories":[25],"tags":[],"_links":{"self":[{"href":"https:\/\/cpgarciagaldeano.educacion.navarra.es\/web\/blog5\/wp-json\/wp\/v2\/posts\/671"}],"collection":[{"href":"https:\/\/cpgarciagaldeano.educacion.navarra.es\/web\/blog5\/wp-json\/wp\/v2\/posts"}],"about":[{"href":"https:\/\/cpgarciagaldeano.educacion.navarra.es\/web\/blog5\/wp-json\/wp\/v2\/types\/post"}],"author":[{"embeddable":true,"href":"https:\/\/cpgarciagaldeano.educacion.navarra.es\/web\/blog5\/wp-json\/wp\/v2\/users\/2"}],"replies":[{"embeddable":true,"href":"https:\/\/cpgarciagaldeano.educacion.navarra.es\/web\/blog5\/wp-json\/wp\/v2\/comments?post=671"}],"version-history":[{"count":31,"href":"https:\/\/cpgarciagaldeano.educacion.navarra.es\/web\/blog5\/wp-json\/wp\/v2\/posts\/671\/revisions"}],"predecessor-version":[{"id":761,"href":"https:\/\/cpgarciagaldeano.educacion.navarra.es\/web\/blog5\/wp-json\/wp\/v2\/posts\/671\/revisions\/761"}],"wp:attachment":[{"href":"https:\/\/cpgarciagaldeano.educacion.navarra.es\/web\/blog5\/wp-json\/wp\/v2\/media?parent=671"}],"wp:term":[{"taxonomy":"category","embeddable":true,"href":"https:\/\/cpgarciagaldeano.educacion.navarra.es\/web\/blog5\/wp-json\/wp\/v2\/categories?post=671"},{"taxonomy":"post_tag","embeddable":true,"href":"https:\/\/cpgarciagaldeano.educacion.navarra.es\/web\/blog5\/wp-json\/wp\/v2\/tags?post=671"}],"curies":[{"name":"wp","href":"https:\/\/api.w.org\/{rel}","templated":true}]}}