{"id":883,"date":"2017-02-21T06:52:57","date_gmt":"2017-02-21T05:52:57","guid":{"rendered":"http:\/\/cpgarciagaldeano.educacion.navarra.es\/web\/blogg5\/?p=883"},"modified":"2017-02-25T10:13:57","modified_gmt":"2017-02-25T09:13:57","slug":"inventos-que-cambian-vidas","status":"publish","type":"post","link":"https:\/\/cpgarciagaldeano.educacion.navarra.es\/web\/blogg5\/2017\/02\/21\/inventos-que-cambian-vidas\/","title":{"rendered":"INVENTOS QUE CAMBIAN VIDAS"},"content":{"rendered":"<p><a href=\"https:\/\/cpgarciagaldeano.educacion.navarra.es\/web\/blogg5\/wp-content\/uploads\/sites\/6\/2017\/02\/expo_inventos.jpg\"><img loading=\"lazy\" class=\"alignleft wp-image-887 size-medium\" src=\"https:\/\/cpgarciagaldeano.educacion.navarra.es\/web\/blogg5\/wp-content\/uploads\/sites\/6\/2017\/02\/expo_inventos-212x300.jpg\" width=\"212\" height=\"300\" srcset=\"https:\/\/cpgarciagaldeano.educacion.navarra.es\/web\/blogg5\/wp-content\/uploads\/sites\/6\/2017\/02\/expo_inventos-212x300.jpg 212w, https:\/\/cpgarciagaldeano.educacion.navarra.es\/web\/blogg5\/wp-content\/uploads\/sites\/6\/2017\/02\/expo_inventos.jpg 670w\" sizes=\"(max-width: 212px) 100vw, 212px\" \/><\/a>Personas de todo el mundo est\u00e1n ideando dise\u00f1os innovadores para mejorar las condiciones de vida de las poblaciones m\u00e1s vulnerables de nuestro planeta. En esta exposici\u00f3n os presentamos algunos de los <b>inventos m\u00e1s revolucionarios<\/b> aplicados a pa\u00edses de \u00c1frica, Asia y Am\u00e9rica Latina.<\/p>\n<p>Inventos que nacen del ingenio y de la <b>perseverancia de personas que no se rindieron<\/b> y que dirigieron sus esfuerzos a los problemas reales de la gente: acceso al agua potable, a la energ\u00eda, a la alimentaci\u00f3n, a la salud, a la ocupaci\u00f3n o a un medioambiente saludable.<\/p>\n<p><b>La Bicim\u00e1quina, la incubadora Embrace, la Nevera del Desierto y la silla de ruedas Mekong<\/b> son algunos de los objetos que pueden verse en la exposici\u00f3n. Todos ellos re\u00fanen unas caracter\u00edsticas comunes: solucionan necesidades b\u00e1sicas, benefician a personas vulnerables (en situaci\u00f3n de pobreza extrema o en riesgo de exclusi\u00f3n social), son respetuosos con el medioambiente y se adaptan a la realidad cultural, econ\u00f3mica y social de donde prestan su servicio.<\/p>\n<p><a href=\"https:\/\/drive.google.com\/file\/d\/0B4A235cc9YNqd1ZvVE4tdzI0d00\/view?usp=sharing\" target=\"_blank\">SABER M\u00c1S<\/a><\/p>\n","protected":false},"excerpt":{"rendered":"<p>Personas de todo el mundo est\u00e1n ideando dise\u00f1os innovadores para mejorar las condiciones de vida de las poblaciones m\u00e1s vulnerables de nuestro planeta. En esta exposici\u00f3n os presentamos algunos de los inventos m\u00e1s revolucionarios aplicados a pa\u00edses de \u00c1frica, Asia &hellip; <a href=\"https:\/\/cpgarciagaldeano.educacion.navarra.es\/web\/blogg5\/2017\/02\/21\/inventos-que-cambian-vidas\/\">Sigue leyendo <span class=\"meta-nav\">&rarr;<\/span><\/a><\/p>\n","protected":false},"author":2,"featured_media":0,"comment_status":"closed","ping_status":"open","sticky":false,"template":"","format":"standard","meta":[],"categories":[5],"tags":[19,18],"_links":{"self":[{"href":"https:\/\/cpgarciagaldeano.educacion.navarra.es\/web\/blogg5\/wp-json\/wp\/v2\/posts\/883"}],"collection":[{"href":"https:\/\/cpgarciagaldeano.educacion.navarra.es\/web\/blogg5\/wp-json\/wp\/v2\/posts"}],"about":[{"href":"https:\/\/cpgarciagaldeano.educacion.navarra.es\/web\/blogg5\/wp-json\/wp\/v2\/types\/post"}],"author":[{"embeddable":true,"href":"https:\/\/cpgarciagaldeano.educacion.navarra.es\/web\/blogg5\/wp-json\/wp\/v2\/users\/2"}],"replies":[{"embeddable":true,"href":"https:\/\/cpgarciagaldeano.educacion.navarra.es\/web\/blogg5\/wp-json\/wp\/v2\/comments?post=883"}],"version-history":[{"count":4,"href":"https:\/\/cpgarciagaldeano.educacion.navarra.es\/web\/blogg5\/wp-json\/wp\/v2\/posts\/883\/revisions"}],"predecessor-version":[{"id":889,"href":"https:\/\/cpgarciagaldeano.educacion.navarra.es\/web\/blogg5\/wp-json\/wp\/v2\/posts\/883\/revisions\/889"}],"wp:attachment":[{"href":"https:\/\/cpgarciagaldeano.educacion.navarra.es\/web\/blogg5\/wp-json\/wp\/v2\/media?parent=883"}],"wp:term":[{"taxonomy":"category","embeddable":true,"href":"https:\/\/cpgarciagaldeano.educacion.navarra.es\/web\/blogg5\/wp-json\/wp\/v2\/categories?post=883"},{"taxonomy":"post_tag","embeddable":true,"href":"https:\/\/cpgarciagaldeano.educacion.navarra.es\/web\/blogg5\/wp-json\/wp\/v2\/tags?post=883"}],"curies":[{"name":"wp","href":"https:\/\/api.w.org\/{rel}","templated":true}]}}