{"id":899,"date":"2017-02-22T12:59:51","date_gmt":"2017-02-22T11:59:51","guid":{"rendered":"http:\/\/cpgarciagaldeano.educacion.navarra.es\/web\/blogg5\/?p=899"},"modified":"2017-03-16T07:00:34","modified_gmt":"2017-03-16T06:00:34","slug":"la-publicidad","status":"publish","type":"post","link":"https:\/\/cpgarciagaldeano.educacion.navarra.es\/web\/blogg5\/2017\/02\/22\/la-publicidad\/","title":{"rendered":"LA PUBLICIDAD"},"content":{"rendered":"<p>PLANTILLA<\/p>\n<p>Gui\u00f3n\u00a0 para analizar de un anuncio publicitario<\/p>\n<p><a href=\"https:\/\/cpgarciagaldeano.educacion.navarra.es\/web\/blogg5\/wp-content\/uploads\/sites\/6\/2017\/02\/Plantilla-para-analisis-anuncio-Anexo-II.docx\">Plantilla para analisis anuncio Anexo II<\/a><\/p>\n<p><a href=\"https:\/\/cpgarciagaldeano.educacion.navarra.es\/web\/blogg5\/2017\/02\/22\/ejemplos-de-guion-publicitario\/\">Gui\u00f3n publicitario<\/a><\/p>\n<p>Gui\u00f3n de INVESTIGACI\u00d3N:<\/p>\n<p>LA PUBLICIDAD:<\/p>\n<ul>\n<li>\u00bfQu\u00e9 es la PUBLICIDAD?<\/li>\n<li>\u00bfQu\u00e9 funciones cumple?<\/li>\n<li>\u00bfEn qu\u00e9 medios de comunicaci\u00f3n encontramos publicidad?<\/li>\n<li>\u00bfQu\u00e9 aspectos negativos puede tener la publicidad?\u00bfPor qu\u00e9 decimos que la publicidad puede ser enga\u00f1osa, manipula nuestra mente, provoca da\u00f1os, esconde atrocidades?<\/li>\n<li>\u00bfQu\u00e9 valores nos intenta transmitir la publicidad?\u00bfC\u00f3mo debemos actuar?<\/li>\n<\/ul>\n<p><a href=\"https:\/\/cpgarciagaldeano.educacion.navarra.es\/web\/blogg5\/2017\/02\/22\/ejemplos-de-guion-publicitario\/\">Ejemplo de gui\u00f3n de trabajo<\/a><\/p>\n","protected":false},"excerpt":{"rendered":"<p>PLANTILLA Gui\u00f3n\u00a0 para analizar de un anuncio publicitario Plantilla para analisis anuncio Anexo II Gui\u00f3n publicitario Gui\u00f3n de INVESTIGACI\u00d3N: LA PUBLICIDAD: \u00bfQu\u00e9 es la PUBLICIDAD? \u00bfQu\u00e9 funciones cumple? \u00bfEn qu\u00e9 medios de comunicaci\u00f3n encontramos publicidad? \u00bfQu\u00e9 aspectos negativos puede tener &hellip; <a href=\"https:\/\/cpgarciagaldeano.educacion.navarra.es\/web\/blogg5\/2017\/02\/22\/la-publicidad\/\">Sigue leyendo <span class=\"meta-nav\">&rarr;<\/span><\/a><\/p>\n","protected":false},"author":2,"featured_media":0,"comment_status":"closed","ping_status":"open","sticky":false,"template":"","format":"standard","meta":[],"categories":[3],"tags":[17],"_links":{"self":[{"href":"https:\/\/cpgarciagaldeano.educacion.navarra.es\/web\/blogg5\/wp-json\/wp\/v2\/posts\/899"}],"collection":[{"href":"https:\/\/cpgarciagaldeano.educacion.navarra.es\/web\/blogg5\/wp-json\/wp\/v2\/posts"}],"about":[{"href":"https:\/\/cpgarciagaldeano.educacion.navarra.es\/web\/blogg5\/wp-json\/wp\/v2\/types\/post"}],"author":[{"embeddable":true,"href":"https:\/\/cpgarciagaldeano.educacion.navarra.es\/web\/blogg5\/wp-json\/wp\/v2\/users\/2"}],"replies":[{"embeddable":true,"href":"https:\/\/cpgarciagaldeano.educacion.navarra.es\/web\/blogg5\/wp-json\/wp\/v2\/comments?post=899"}],"version-history":[{"count":5,"href":"https:\/\/cpgarciagaldeano.educacion.navarra.es\/web\/blogg5\/wp-json\/wp\/v2\/posts\/899\/revisions"}],"predecessor-version":[{"id":964,"href":"https:\/\/cpgarciagaldeano.educacion.navarra.es\/web\/blogg5\/wp-json\/wp\/v2\/posts\/899\/revisions\/964"}],"wp:attachment":[{"href":"https:\/\/cpgarciagaldeano.educacion.navarra.es\/web\/blogg5\/wp-json\/wp\/v2\/media?parent=899"}],"wp:term":[{"taxonomy":"category","embeddable":true,"href":"https:\/\/cpgarciagaldeano.educacion.navarra.es\/web\/blogg5\/wp-json\/wp\/v2\/categories?post=899"},{"taxonomy":"post_tag","embeddable":true,"href":"https:\/\/cpgarciagaldeano.educacion.navarra.es\/web\/blogg5\/wp-json\/wp\/v2\/tags?post=899"}],"curies":[{"name":"wp","href":"https:\/\/api.w.org\/{rel}","templated":true}]}}