{"id":1071,"date":"2017-03-31T17:52:14","date_gmt":"2017-03-31T15:52:14","guid":{"rendered":"http:\/\/cpgarciagaldeano.educacion.navarra.es\/web\/?p=1071"},"modified":"2017-04-10T15:11:20","modified_gmt":"2017-04-10T13:11:20","slug":"korrika-2017","status":"publish","type":"post","link":"https:\/\/cpgarciagaldeano.educacion.navarra.es\/web\/blog\/2017\/03\/31\/korrika-2017\/","title":{"rendered":"KORRIKA 2017"},"content":{"rendered":"<p>V\u00eddeo de la Korrika Txiki en la TXANTREA<\/p>\n<p><iframe loading=\"lazy\" src=\"https:\/\/player.vimeo.com\/video\/212365315\" width=\"500\" height=\"281\" frameborder=\"0\" title=\"KORRIKA TXIKIA 20, Txantrea\" webkitallowfullscreen mozallowfullscreen allowfullscreen><\/iframe><\/p>\n<p><iframe loading=\"lazy\" width=\"500\" height=\"281\" src=\"https:\/\/www.youtube.com\/embed\/ZkhBgdGCLoI?feature=oembed\" frameborder=\"0\" allowfullscreen><\/iframe><\/p>\n<p>Kaixo familias!!!<a href=\"https:\/\/cpgarciagaldeano.educacion.navarra.es\/web\/wp-content\/uploads\/2017\/03\/cartek-korrika.jpg\"><img loading=\"lazy\" class=\"wp-image-1077 size-thumbnail alignleft\" src=\"https:\/\/cpgarciagaldeano.educacion.navarra.es\/web\/wp-content\/uploads\/2017\/03\/cartek-korrika-150x150.jpg\" alt=\"\" width=\"150\" height=\"150\" \/><\/a><\/p>\n<p><em>El pr\u00f3ximo viernes, 7 de abril, celebraremos la Korrika Txiki en la escuela. Este a\u00f1o contamos con una novedad importante ya que nuestros amigos y amigas de Bernart Etxepare, escuela del barrio tambi\u00e9n, participar\u00e1n en ella, codo con codo ese d\u00eda y tambi\u00e9n en la organizaci\u00f3n. \u00a1El euskera une al barrio!<\/em><\/p>\n<p><em>Detr\u00e1s ten\u00e9is el plano del recorrido. Vosotros y vosotras tambi\u00e9n pod\u00e9is tomar parte, pero eso s\u00ed, os agradecer\u00edamos que permanecierais a ambos lados de la korrika txiki. <\/em><em>La primera txanda saldr\u00e1 a las <strong>11:30 desde el parque<\/strong> <strong>I\u00f1aki Ochoa de Olza<\/strong> y terminaremos en el patio.<\/em> BAT\/ZUK<em>!<\/em><\/p>\n<p>Organizada por AEK, comenzar\u00e1 el 30 de marzo de 2017, para finalizar el 9 de abril en Iru\u00f1ea. Bajo el lema Batzuk, reflejar\u00e1 la diversidad de lenguas, culturas y mundos. Recibir\u00e1n un reconocimiento las personas que idearon Korrika en 1980.<\/p>\n<p>&nbsp;<\/p>\n<p style=\"text-align: right;\"><a href=\"https:\/\/cpgarciagaldeano.educacion.navarra.es\/web\/wp-content\/uploads\/2017\/03\/recorrido.jpg\"><img loading=\"lazy\" class=\"wp-image-1078 size-medium alignright\" src=\"https:\/\/cpgarciagaldeano.educacion.navarra.es\/web\/wp-content\/uploads\/2017\/03\/recorrido-257x300.jpg\" alt=\"\" width=\"257\" height=\"300\" srcset=\"https:\/\/cpgarciagaldeano.educacion.navarra.es\/web\/wp-content\/uploads\/2017\/03\/recorrido-257x300.jpg 257w, https:\/\/cpgarciagaldeano.educacion.navarra.es\/web\/wp-content\/uploads\/2017\/03\/recorrido.jpg 756w\" sizes=\"(max-width: 257px) 100vw, 257px\" \/><\/a><strong><u>\u00a0ORGANIZACI\u00d3N KORRIKA TXIKI 2017<\/u><\/strong><\/p>\n<p style=\"text-align: right;\"><strong><u>\u00a0<\/u><\/strong><strong><u>D\u00cdA:<\/u><\/strong> VIERNES, 7 de ABRIL<\/p>\n<p><strong><u>ASPECTOS A TENER EN CUENTA:<\/u><\/strong><\/p>\n<ul>\n<li style=\"text-align: left;\">Elaboraci\u00f3n de los petos: trabajo conjunto en el aula tutor\/tutora con M\u00f3nica o Irantzu<\/li>\n<li style=\"text-align: left;\">Educaci\u00f3n Infantil: en 4\u00aa sesi\u00f3n de la ma\u00f1ana<\/li>\n<li style=\"text-align: left;\">1\u00ba EP: Lunes, 2\u00aa sesi\u00f3n y martes 3\u00aa sesi\u00f3n<\/li>\n<li style=\"text-align: left;\">2\u00baA EP: Lunes, 1\u00aa sesi\u00f3n<\/li>\n<li style=\"text-align: left;\">2\u00baB EP: Lunes, 6\u00aa sesi\u00f3n<\/li>\n<li style=\"text-align: left;\">3\u00baA EP: Lunes, 4\u00aa sesi\u00f3n<\/li>\n<li>3\u00baB EP: Martes, 2\u00aa sesi\u00f3n<\/li>\n<li>4\u00baA EP: Martes, 4\u00aa sesi\u00f3n<\/li>\n<li>4\u00baB EP: Mi\u00e9rcoles, 2\u00aa sesi\u00f3n<\/li>\n<li>5\u00baA EP: Lunes, 5\u00aa sesi\u00f3n<\/li>\n<li>5\u00baB EP: cuando se establezca<\/li>\n<li>6\u00ba EP: Lunes, 3\u00aa sesi\u00f3n<\/li>\n<li>La salida del centro a cada punto de encuentro se realizar\u00e1 a las 11.10horas.<\/li>\n<li>El comienzo de la Korrika por parte de 6\u00ba de Educaci\u00f3n Primaria ser\u00e1 a las 11.30.<\/li>\n<li>La pancarta la llevar\u00e1n el alumnado de 6\u00ba de Educaci\u00f3n Primaria durante todo el recorrido. El alumnado se ir\u00e1 incorporando detr\u00e1s de la pancarta, sin adelantarla en ning\u00fan momento y en cada punto se ceder\u00e1 el puesto al alumnado que se recoge.<\/li>\n<li>El testigo lo llevar\u00e1n dos alumnos o alumnas, uno representando a Garc\u00eda Galdeano y el otro a Bernart Etxepare. Es importante elegir un representante de cada tanda (1 de 6\u00ba EP, 1 de 5\u00ba EP, 1 del 2\u00ba bloque organizativo, 1 del 1er bloque organizativo, 1 de 3\u00ba o 2\u00ba de EI y 1 de 1\u00ba de EI).<\/li>\n<li>El alumnado de 1\u00ba de EI hasta 3\u00ba EP llevar\u00e1n un brazalete para reconocerlos.<\/li>\n<li>Una vez se acceda al patio de Bernart Etxepare, el alumnado de ambos centros se situar\u00e1 en el espacio habilitado para cada nivel. Ser\u00e1 el momento en que cada tutor o tutora y especialista asignado vuelva con su grupo de referencia.<\/li>\n<li>Se realizar\u00e1 la lectura del texto de la Korrika con 4 alumnos y alumnas de ambos centros.<\/li>\n<li>Una vez se de por concluido el acto, se regresar\u00e1 al centro.<\/li>\n<\/ul>\n<p>Kaixo familiak:<\/p>\n<p>Hurrengo ostiralean, apirilak 7, Korrika Txikia ospatuko dugu ikastetxean. Atzean duzue ibilbidearen\u00a0 planoa. Aurten berrikuntza handi batekin gatoz, auzoko <em> Bernart Etxepare<\/em>ko lagunekin batera ospatuko baitugu Korrika. Euskarak auzoa batzen du!<\/p>\n<p>Jakina, zuek ere gurekin korrika egitera gonbidatuta zaudete, baina mesedez, korrika txikiaren alboetan mantentzea eskertuko genizueke. Lehenengo txanda <strong>11:30tan aterako da I\u00f1aki Ochoa de Olza parketik<\/strong> eta patioan bukatuko dugu. BAT\/ZUK!<\/p>\n<p>&nbsp;<\/p>\n<p><iframe loading=\"lazy\" width=\"500\" height=\"281\" src=\"https:\/\/www.youtube.com\/embed\/rujechHlH6s?feature=oembed\" frameborder=\"0\" allowfullscreen><\/iframe><\/p>\n<p><iframe loading=\"lazy\" width=\"500\" height=\"281\" src=\"https:\/\/www.youtube.com\/embed\/SJ5MC-oIW0Y?feature=oembed\" frameborder=\"0\" allowfullscreen><\/iframe><\/p>\n<h3>ZIRKORRIKA<\/h3>\n<p>Hizkuntzaren malabaristak,<\/p>\n<p>akrobatak, trapezistak,<\/p>\n<p>herri honen ilusionistak&#8230;<\/p>\n<p>bidera atera gara,<\/p>\n<p>mundura atera gara,<\/p>\n<p>herriz herri igaroko gara!<\/p>\n<p>Bat, izan bat, egin bat,<\/p>\n<p>Bat zuk eta bat nik, bat, denok bat,<\/p>\n<p>bat eta batzuk gara,<\/p>\n<p>hona-hara,<\/p>\n<p>euskara bat, mundu bat.<\/p>\n<p>Bi urteko ekilibristak,<\/p>\n<p>su-irensle optimistak,<\/p>\n<p>jaiotzetik ilusionistak&#8230;<\/p>\n<p>bidera atera gara,<\/p>\n<p>Korrika atera gara,<\/p>\n<p>herriz herri igaroko gara!<\/p>\n<p>Atso-agure kontortsionistak,<\/p>\n<p>pailazoak, eskapistak,<\/p>\n<p>euripean ilusionistak&#8230;<\/p>\n<p>bidera atera gara,<\/p>\n<p>mundura atera gara,<\/p>\n<p>herriz herri igaroko gara!<\/p>\n<p>Bat, izan bat, egin bat,<\/p>\n<p>Bat zuk eta bat nik, bat, denok bat,<\/p>\n<p>bat eta batzuk gara,<\/p>\n<p>hona-hara,<\/p>\n<p>euskara bat, mundu bat.<\/p>\n<p>Ahots kordan funanbulistak,<\/p>\n<p>fakirrak ta alkimistak,<\/p>\n<p>ofizioz ilusionistak&#8230;<\/p>\n<p>bidera atera gara,<\/p>\n<p>Korrika atera gara,<\/p>\n<p>herriz herri igaroko gara!<\/p>\n<p>Bizirauten espezialistak,<\/p>\n<p>bi buruko aktibistak,<\/p>\n<p>bihotzaren ilusionistak&#8230;<\/p>\n<p>bidera atera gara,<\/p>\n<p>herriz herri ibiliko gara!<\/p>\n<p>Bat, izan bat, egin bat,<\/p>\n<p>Bat zuk eta bat nik, bat, denok bat,<\/p>\n<p>bat eta batzuk gara,<\/p>\n<p>hona-hara,<\/p>\n<p>euskara bat, mundu bat.<\/p>\n","protected":false},"excerpt":{"rendered":"<p>V\u00eddeo de la Korrika Txiki en la TXANTREA Kaixo familias!!! El pr\u00f3ximo viernes, 7 de abril, celebraremos la Korrika Txiki en la escuela. Este a\u00f1o contamos con una novedad importante ya que nuestros amigos y amigas de Bernart Etxepare, escuela del barrio tambi\u00e9n, participar\u00e1n en ella, codo con codo ese d\u00eda y tambi\u00e9n en la [&hellip;]<\/p>\n","protected":false},"author":1,"featured_media":1090,"comment_status":"closed","ping_status":"open","sticky":false,"template":"","format":"standard","meta":{"_genesis_hide_title":false,"_genesis_hide_breadcrumbs":false,"_genesis_hide_singular_image":false,"_genesis_hide_footer_widgets":false,"_genesis_custom_body_class":"","_genesis_custom_post_class":"","_genesis_layout":""},"categories":[1],"tags":[],"_links":{"self":[{"href":"https:\/\/cpgarciagaldeano.educacion.navarra.es\/web\/wp-json\/wp\/v2\/posts\/1071"}],"collection":[{"href":"https:\/\/cpgarciagaldeano.educacion.navarra.es\/web\/wp-json\/wp\/v2\/posts"}],"about":[{"href":"https:\/\/cpgarciagaldeano.educacion.navarra.es\/web\/wp-json\/wp\/v2\/types\/post"}],"author":[{"embeddable":true,"href":"https:\/\/cpgarciagaldeano.educacion.navarra.es\/web\/wp-json\/wp\/v2\/users\/1"}],"replies":[{"embeddable":true,"href":"https:\/\/cpgarciagaldeano.educacion.navarra.es\/web\/wp-json\/wp\/v2\/comments?post=1071"}],"version-history":[{"count":11,"href":"https:\/\/cpgarciagaldeano.educacion.navarra.es\/web\/wp-json\/wp\/v2\/posts\/1071\/revisions"}],"predecessor-version":[{"id":1094,"href":"https:\/\/cpgarciagaldeano.educacion.navarra.es\/web\/wp-json\/wp\/v2\/posts\/1071\/revisions\/1094"}],"wp:featuredmedia":[{"embeddable":true,"href":"https:\/\/cpgarciagaldeano.educacion.navarra.es\/web\/wp-json\/wp\/v2\/media\/1090"}],"wp:attachment":[{"href":"https:\/\/cpgarciagaldeano.educacion.navarra.es\/web\/wp-json\/wp\/v2\/media?parent=1071"}],"wp:term":[{"taxonomy":"category","embeddable":true,"href":"https:\/\/cpgarciagaldeano.educacion.navarra.es\/web\/wp-json\/wp\/v2\/categories?post=1071"},{"taxonomy":"post_tag","embeddable":true,"href":"https:\/\/cpgarciagaldeano.educacion.navarra.es\/web\/wp-json\/wp\/v2\/tags?post=1071"}],"curies":[{"name":"wp","href":"https:\/\/api.w.org\/{rel}","templated":true}]}}