{"id":110,"date":"2015-12-15T13:55:35","date_gmt":"2015-12-15T12:55:35","guid":{"rendered":"http:\/\/cpgarciagaldeano.educacion.navarra.es\/web\/?p=110"},"modified":"2016-01-22T16:22:47","modified_gmt":"2016-01-22T15:22:47","slug":"novedades","status":"publish","type":"post","link":"https:\/\/cpgarciagaldeano.educacion.navarra.es\/web\/blog\/2015\/12\/15\/novedades\/","title":{"rendered":"PROYECTOS DE INNOVACI\u00d3N"},"content":{"rendered":"<p style=\"text-align: center;\"><span style=\"color: #ff6600;\"><strong>\u00bfCU\u00c1L ES LA ESCUELA DE TUS SUE\u00d1OS?<\/strong><\/span><\/p>\n<p style=\"text-align: justify;\">Nuestros objetivos como Comunidad de Aprendizaje son:<\/p>\n<p>Desarrollar experiencias en innovaci\u00f3n educativa para fomentar la integraci\u00f3n curricular de las competencias b\u00e1sicas, transformando aquellos procedimientos que contribuyen a la superaci\u00f3n del fracaso escolar trabajando de manera especial la educaci\u00f3n emocional y el trabajo en equipo.<\/p>\n<p style=\"text-align: justify;\"><a href=\"https:\/\/cpgarciagaldeano.educacion.navarra.es\/web\/wp-content\/uploads\/2015\/12\/proyecto-innovador.png\"><img loading=\"lazy\" class=\"size-medium wp-image-351 aligncenter\" src=\"https:\/\/cpgarciagaldeano.educacion.navarra.es\/web\/wp-content\/uploads\/2015\/12\/proyecto-innovador-300x197.png\" alt=\"proyecto-innovador\" width=\"300\" height=\"197\" srcset=\"https:\/\/cpgarciagaldeano.educacion.navarra.es\/web\/wp-content\/uploads\/2015\/12\/proyecto-innovador-300x197.png 300w, https:\/\/cpgarciagaldeano.educacion.navarra.es\/web\/wp-content\/uploads\/2015\/12\/proyecto-innovador.png 380w\" sizes=\"(max-width: 300px) 100vw, 300px\" \/><\/a><\/p>\n","protected":false},"excerpt":{"rendered":"<p>\u00bfCU\u00c1L ES LA ESCUELA DE TUS SUE\u00d1OS? Nuestros objetivos como Comunidad de Aprendizaje son: Desarrollar experiencias en innovaci\u00f3n educativa para fomentar la integraci\u00f3n curricular de las competencias b\u00e1sicas, transformando aquellos procedimientos que contribuyen a la superaci\u00f3n del fracaso escolar trabajando de manera especial la educaci\u00f3n emocional y el trabajo en equipo.<\/p>\n","protected":false},"author":1,"featured_media":0,"comment_status":"closed","ping_status":"closed","sticky":false,"template":"","format":"standard","meta":{"_genesis_hide_title":false,"_genesis_hide_breadcrumbs":false,"_genesis_hide_singular_image":false,"_genesis_hide_footer_widgets":false,"_genesis_custom_body_class":"","_genesis_custom_post_class":"","_genesis_layout":""},"categories":[7],"tags":[11,12],"_links":{"self":[{"href":"https:\/\/cpgarciagaldeano.educacion.navarra.es\/web\/wp-json\/wp\/v2\/posts\/110"}],"collection":[{"href":"https:\/\/cpgarciagaldeano.educacion.navarra.es\/web\/wp-json\/wp\/v2\/posts"}],"about":[{"href":"https:\/\/cpgarciagaldeano.educacion.navarra.es\/web\/wp-json\/wp\/v2\/types\/post"}],"author":[{"embeddable":true,"href":"https:\/\/cpgarciagaldeano.educacion.navarra.es\/web\/wp-json\/wp\/v2\/users\/1"}],"replies":[{"embeddable":true,"href":"https:\/\/cpgarciagaldeano.educacion.navarra.es\/web\/wp-json\/wp\/v2\/comments?post=110"}],"version-history":[{"count":3,"href":"https:\/\/cpgarciagaldeano.educacion.navarra.es\/web\/wp-json\/wp\/v2\/posts\/110\/revisions"}],"predecessor-version":[{"id":353,"href":"https:\/\/cpgarciagaldeano.educacion.navarra.es\/web\/wp-json\/wp\/v2\/posts\/110\/revisions\/353"}],"wp:attachment":[{"href":"https:\/\/cpgarciagaldeano.educacion.navarra.es\/web\/wp-json\/wp\/v2\/media?parent=110"}],"wp:term":[{"taxonomy":"category","embeddable":true,"href":"https:\/\/cpgarciagaldeano.educacion.navarra.es\/web\/wp-json\/wp\/v2\/categories?post=110"},{"taxonomy":"post_tag","embeddable":true,"href":"https:\/\/cpgarciagaldeano.educacion.navarra.es\/web\/wp-json\/wp\/v2\/tags?post=110"}],"curies":[{"name":"wp","href":"https:\/\/api.w.org\/{rel}","templated":true}]}}