{"id":1568,"date":"2020-03-16T12:14:11","date_gmt":"2020-03-16T11:14:11","guid":{"rendered":"http:\/\/cpgarciagaldeano.educacion.navarra.es\/web\/?p=1568"},"modified":"2020-03-16T13:19:03","modified_gmt":"2020-03-16T12:19:03","slug":"cierre-del-colegio","status":"publish","type":"post","link":"https:\/\/cpgarciagaldeano.educacion.navarra.es\/web\/blog\/2020\/03\/16\/cierre-del-colegio\/","title":{"rendered":"CIERRE DEL COLEGIO"},"content":{"rendered":"\n<h2>Cierre de las instalaciones<\/h2>\n\n\n\n<p><strong>El Gobierno de Navarra ha tomado la decisi\u00f3n de cerrar todas las escuelas, por lo menos dos semanas, a partir del lunes 16, hasta el 30 de marzo.<\/strong><\/p>\n\n\n\n<p>Las instalaciones del C.P Garc\u00eda Galdeano permanecer\u00e1n cerradas a partir del lunes 16 de marzo , hasta que dure esta emergencia sanitaria. No obstante se habilita un horario excepcional para que las familias cuyos hijos e hijas que no acudieron el viernes  al centro, puedan recoger tareas para estos d\u00edas.<\/p>\n\n\n\n<p> El horario se establece de la siguiente manera:<\/p>\n\n\n\n<p>&#8211; Martes 17 de marzo de 9 a 14 horas, familias de 3\u00ba y 4\u00ba de Educaci\u00f3n Primaria.<\/p>\n\n\n\n<p>&#8211; Mi\u00e9rcoles 18 de marzo de 9 a 14 horas, familias de 5\u00ba de Educaci\u00f3n Primaria.<\/p>\n\n\n\n<p>&#8211; Viernes 20 de marzo de 9 a 14 horas, familias de 6\u00ba de Educaci\u00f3n Primaria.<\/p>\n\n\n\n<p>Adem\u00e1s de esta recogida, los Blogs de cada nivel ir\u00e1n actualiz\u00e1ndose e incluyendo propuestas de trabajo para este per\u00edodo.<\/p>\n\n\n\n<p>Desde el centro se trabajar\u00e1 en garantizar los cauces de comunicaci\u00f3n entre profesorado, alumnado y familias (p\u00e1gina Web, EDUCA,&#8230;)<\/p>\n\n\n\n<p>Por \u00faltimo, todo el personal docente y no docente del centro les quiere transmitir un mensaje de \u00e1nimo y de cari\u00f1o para estos d\u00edas que se presentan dif\u00edciles y que podamos retomar la normalidad lo antes posible. <\/p>\n\n\n\n<p>Cualquier consulta ser\u00e1 atendida por\u00a0<a href=\"https:\/\/cpgarciagaldeano.educacion.navarra.es\/web\/contacto\/\">v\u00eda telem\u00e1tica<\/a>\u00a0o por tel\u00e9fono.<\/p>\n\n\n\n<p>Recordamos  \u00a0seguir las recomendaciones y protocolos que establece el Departamento de Salud en referencia a la prevenci\u00f3n del virus y que pueden consultar en <a href=\"https:\/\/www.educacion.navarra.es\/web\/dpto\">https:\/\/www.educacion.navarra.es\/web\/dpto<\/a><\/p>\n\n\n\n<p><strong>Agradecemos vuestra comprensi\u00f3n y colaboraci\u00f3n.<\/strong><\/p>\n\n\n\n<p><\/p>\n","protected":false},"excerpt":{"rendered":"<p>Cierre de las instalaciones El Gobierno de Navarra ha tomado la decisi\u00f3n de cerrar todas las escuelas, por lo menos dos semanas, a partir del lunes 16, hasta el 30 de marzo. Las instalaciones del C.P Garc\u00eda Galdeano permanecer\u00e1n cerradas a partir del lunes 16 de marzo , hasta que dure esta emergencia sanitaria. No [&hellip;]<\/p>\n","protected":false},"author":1,"featured_media":1573,"comment_status":"closed","ping_status":"open","sticky":false,"template":"","format":"standard","meta":{"_genesis_hide_title":false,"_genesis_hide_breadcrumbs":false,"_genesis_hide_singular_image":false,"_genesis_hide_footer_widgets":false,"_genesis_custom_body_class":"","_genesis_custom_post_class":"","_genesis_layout":""},"categories":[1],"tags":[],"_links":{"self":[{"href":"https:\/\/cpgarciagaldeano.educacion.navarra.es\/web\/wp-json\/wp\/v2\/posts\/1568"}],"collection":[{"href":"https:\/\/cpgarciagaldeano.educacion.navarra.es\/web\/wp-json\/wp\/v2\/posts"}],"about":[{"href":"https:\/\/cpgarciagaldeano.educacion.navarra.es\/web\/wp-json\/wp\/v2\/types\/post"}],"author":[{"embeddable":true,"href":"https:\/\/cpgarciagaldeano.educacion.navarra.es\/web\/wp-json\/wp\/v2\/users\/1"}],"replies":[{"embeddable":true,"href":"https:\/\/cpgarciagaldeano.educacion.navarra.es\/web\/wp-json\/wp\/v2\/comments?post=1568"}],"version-history":[{"count":7,"href":"https:\/\/cpgarciagaldeano.educacion.navarra.es\/web\/wp-json\/wp\/v2\/posts\/1568\/revisions"}],"predecessor-version":[{"id":1578,"href":"https:\/\/cpgarciagaldeano.educacion.navarra.es\/web\/wp-json\/wp\/v2\/posts\/1568\/revisions\/1578"}],"wp:featuredmedia":[{"embeddable":true,"href":"https:\/\/cpgarciagaldeano.educacion.navarra.es\/web\/wp-json\/wp\/v2\/media\/1573"}],"wp:attachment":[{"href":"https:\/\/cpgarciagaldeano.educacion.navarra.es\/web\/wp-json\/wp\/v2\/media?parent=1568"}],"wp:term":[{"taxonomy":"category","embeddable":true,"href":"https:\/\/cpgarciagaldeano.educacion.navarra.es\/web\/wp-json\/wp\/v2\/categories?post=1568"},{"taxonomy":"post_tag","embeddable":true,"href":"https:\/\/cpgarciagaldeano.educacion.navarra.es\/web\/wp-json\/wp\/v2\/tags?post=1568"}],"curies":[{"name":"wp","href":"https:\/\/api.w.org\/{rel}","templated":true}]}}