{"id":165,"date":"2019-01-08T20:15:20","date_gmt":"2019-01-08T19:15:20","guid":{"rendered":"http:\/\/cpgarciagaldeano.educacion.navarra.es\/web\/?p=165"},"modified":"2019-01-09T10:54:18","modified_gmt":"2019-01-09T09:54:18","slug":"comisiones","status":"publish","type":"post","link":"https:\/\/cpgarciagaldeano.educacion.navarra.es\/web\/blog\/2019\/01\/08\/comisiones\/","title":{"rendered":"COMISIONES"},"content":{"rendered":"<p>Estamos en la renovaci\u00f3n de la fase del sue\u00f1o. de momento est\u00e1n aparcadas las comisiones hasta nueva constituci\u00f3n.<\/p>\n<p style=\"text-align: left;\"><span style=\"color: #000000; font-size: 18pt; background-color: #ff6600;\"><strong>\u00a0INFRAESTRUCTURAS<\/strong><\/span><\/p>\n<p><strong>COMPOSICI\u00d3N DE LA COMISI\u00d3N<\/strong><\/p>\n<p>Familiares:<\/p>\n<p>&nbsp;<\/p>\n<p>Profesorado:<\/p>\n<p>&nbsp;<\/p>\n<p>LUGAR DE REUNI\u00d3N: Sala de Profesores<\/p>\n<p>&nbsp;<\/p>\n<p><strong>PROPUESTAS Y TRABAJOS<\/strong><\/p>\n<ul>\n<li><strong>Ropero<\/strong>. La organizaci\u00f3n es responsabilidad de la comisi\u00f3n y la atenci\u00f3n es responsabilidad del centro (todo el claustro detectar\u00e1 necesidades y se har\u00e1 uso seg\u00fan necesidades)<\/li>\n<\/ul>\n<ul>\n<li><strong>Cocina:<\/strong><\/li>\n<\/ul>\n<p>Valorar necesidades. Realizar inventario de lo que hay y listar lo que deber\u00edamos comprar.<\/p>\n<p>Organizar y etiquetar el material de cocina.<\/p>\n<p>Establecer normas de uso, mantenimiento y limpieza.<\/p>\n<ul>\n<li><strong>Sue\u00f1os: <\/strong><\/li>\n<\/ul>\n<p>Mantener el sue\u00f1o relativo a que los recreos sean m\u00e1s largos. El d\u00eda anterior a vacaciones de Navidad, Semana Santa y Verano el recreo se realizar\u00e1 de 50 minutos.<\/p>\n<p><span style=\"color: #000000; font-size: 18pt; background-color: #ff6600;\"><strong>\u00a0COMISI\u00d3N \u00a0DE \u00a0CALIDAD<\/strong><\/span><\/p>\n<p><strong>COMPOSICI\u00d3N DE LA COMISI\u00d3N<\/strong><\/p>\n<p>Familiares:<\/p>\n<p>&nbsp;<\/p>\n<p>Profesorado:<\/p>\n<p>&nbsp;<\/p>\n<p>&nbsp;<\/p>\n<p><strong>PROPUESTAS Y TRABAJOS<\/strong><\/p>\n<ul>\n<li><strong>Alfabetizaci<\/strong><strong>\u00f3<\/strong><strong>n:<\/strong><\/li>\n<\/ul>\n<p>Seguimos con las clases de alfabetizaci\u00f3n. Ha aumentado el n\u00famero de asistentes de madres \u00e1rabes.<\/p>\n<p>Hemos establecido este curso tres grupos para los tres nivelas de las madres que vienen.\u00a0 Un nivel el m\u00e1s avanzado que est\u00e1 trabajando en la preparaci\u00f3n del examen que exige el gobierno para conseguir la nacionalidad espa\u00f1ola. Otro nivel medio centrado m\u00e1s en la expresi\u00f3n escrita y el nivel m\u00e1s inferior en el que trabajamos m\u00e1s la expresi\u00f3n oral.<\/p>\n<ul>\n<li><strong>Franc<\/strong><strong>\u00e9<\/strong><strong>s:<\/strong><\/li>\n<\/ul>\n<p>Estrella sigue impartiendo franc\u00e9s por segundo a\u00f1o consecutivo al alumnado del centro. \u00a0Se imparten los mi\u00e9rcoles de 15 a 16 horas.<\/p>\n<ul>\n<li><strong>Fase del sue<\/strong><strong>\u00f1<\/strong><strong>o:<\/strong><\/li>\n<\/ul>\n<p>Colaboraremos con la fase del sue\u00f1o,\u00a0 que este curso volvemos a retomar para que participen las familias que actualmente forman parte de\u00a0 nuestra comunidad.<\/p>\n<ul>\n<li><strong>P<\/strong><strong>\u00e1<\/strong><strong>gina Web:<\/strong><\/li>\n<\/ul>\n<p>Colaborar con la p\u00e1gina web de nuestro centro<\/p>\n<p>LUGAR DE REUNI\u00d3N: Aula 5\u00baB<\/p>\n<p>&nbsp;<\/p>\n<p><span style=\"font-size: 18pt; color: #000000; background-color: #ff6600;\"><strong>COMISI\u00d3N \u00a0NNTT<\/strong><\/span><\/p>\n<p><strong>COMPOSICI\u00d3N DE LA COMISI\u00d3N<\/strong><\/p>\n<p>Profesorado:<\/p>\n<p>&nbsp;<\/p>\n<p>&nbsp;<\/p>\n<p><strong>PROPUESTAS Y \u00a0TRABAJO<\/strong><\/p>\n<ul>\n<li>Formaci\u00f3n; Asistencia a cursos y puesta al d\u00eda en NNTT<\/li>\n<li>Revisi\u00f3n de normas de uso NNTT<\/li>\n<li>Preparaci\u00f3n, dise\u00f1o y mantenimiento p\u00e1gina Web del centro.<\/li>\n<li>Mantenimiento de los equipos inform\u00e1ticos.<\/li>\n<\/ul>\n<p>LUGAR DE REUNI\u00d3N: Sala de inform\u00e1tica\/ 6\u00baA<\/p>\n<p>&nbsp;<\/p>\n<p><strong><span style=\"font-size: 18pt; color: #000000; background-color: #ff6600;\">COMISI\u00d3N EXTRAESCOLARES Y COMEDOR<\/span><\/strong><\/p>\n<p><strong>COMPOSICI\u00d3N DE LA COMISI\u00d3N<\/strong><\/p>\n<p>Familiares:<\/p>\n<p>&nbsp;<\/p>\n<p>Profesorado:<\/p>\n<p>&nbsp;<\/p>\n<p>&nbsp;<\/p>\n<p><strong>PROPUESTAS Y TRABAJO<\/strong><\/p>\n<ul>\n<li><strong>Extraescolares:<\/strong><\/li>\n<\/ul>\n<p>Colaboraci\u00f3n para ofertar extraescolares.<\/p>\n<p>Seguimiento y comunicaci\u00f3n con los profesores de extraescolares para mejorar el funcionamiento de cada actividad.<\/p>\n<p>Intentar realizar charlas con las familias sobre temas que les resulte de su inter\u00e9s.<\/p>\n<ul>\n<li><strong>Comedor:<\/strong><\/li>\n<\/ul>\n<p>Cumplir el sue\u00f1o de elegir men\u00fa una vez por trimestre.<\/p>\n<p>Intentar que el comedor tambi\u00e9n sirva para educar: importancia de comer frutas y verduras y aprender a reciclar.<\/p>\n<p>Conseguir que las actividades que se organizan en el comedor se desarrollen correctamente.<\/p>\n<p>LUGAR DE REUNI\u00d3N: Despacho direcci\u00f3n<\/p>\n<p>&nbsp;<\/p>\n<p><strong><span style=\"color: #000000; font-size: 18pt; background-color: #ff6600;\">COMISI\u00d3N \u00a0BIBLIOTECA<\/span><\/strong><\/p>\n<p><strong>COMPOSICI\u00d3N DE LA COMISI\u00d3N<\/strong><\/p>\n<p>Familiares:<\/p>\n<p>&nbsp;<\/p>\n<p>Profesorado:<\/p>\n<p>&nbsp;<\/p>\n<p>LUGAR DE REUNI\u00d3N: Biblioteca<\/p>\n<p>&nbsp;<\/p>\n<p><strong>PROPUESTAS Y \u00a0TRABAJO<\/strong><\/p>\n<ul>\n<li>Catalogaci\u00f3n : &#8211; Hacer carnets de biblioteca a 3\u00ba ciclo.<\/li>\n<li>Empezar pr\u00e9stamo inform\u00e1tico de los libros catalogados.Terminar Infantil.Empezar 2\u00ba ciclo.<\/li>\n<li>Mejorar en el uso de la biblioteca y sus recursos, \u00a0como un espacio de todos, respetando las normas y protocolos propuestos.<\/li>\n<li>Expurgo : &#8211; Valorar con Villar Arellano un 2\u00ba expurgo.<\/li>\n<li>Ubicaciones: &#8211; Realizar los carteles de 3\u00ba ciclo y libros informativos, de consulta y enciclopedias.<\/li>\n<li>Difundir a los ciclos y a la comunidad el orden establecido en las estanter\u00edas para facilitar su uso.<\/li>\n<li>Biblioteca como espacio: &#8211; Mantener un espacio de trabajo amable, organizado y polivalente<\/li>\n<\/ul>\n<p>Actividades de animaci\u00f3n a la lectura y escritura:<\/p>\n<ul>\n<li>Plantear un monogr\u00e1fico por curso, para que se tenga la oportunidad de incorporarlo a la actividad del aula, relacionarlo en lo posible con los autores del programa FIRA y propuestas interciclos.<\/li>\n<li>Organizaci\u00f3n de las jornadas del d\u00eda del libro: \u00a0\u00a0-Continuar con la misma din\u00e1mica<\/li>\n<li>Impulsar una mayor \u00a0participaci\u00f3n de las familias en estas jornadas.<\/li>\n<li>Dar a conocer esta actividad a trav\u00e9s de la revista Auzolan.<\/li>\n<li>Realizar la tertulia de adultos en la calle.<\/li>\n<\/ul>\n<p>Mediaci\u00f3n en \u00a0la compra de libros por ciclos e idioma<\/p>\n<p>Colaborar con el equipo directivo y Javier Rey en la organizaci\u00f3n de las I Jornadas de tertulias literarias de Navarra.<\/p>\n<p>Colaborar con Javier Rey en las gestiones oportunas para que sea efectiva una red para compartir lotes de libros entre distintos colectivos que realizan tertulias literarias.<\/p>\n<p><strong><span style=\"font-size: 18pt; color: #000000; background-color: #ff6600;\">COMISI\u00d3N \u00a0VOLUNTARIADO<\/span><\/strong><\/p>\n<p><strong>COMPOSICI\u00d3N DE LA COMISI\u00d3N<\/strong><\/p>\n<p>Profesorado:<\/p>\n<p>&nbsp;<\/p>\n<p><strong>PROPUESTAS Y \u00a0TRABAJO<\/strong><\/p>\n<ul>\n<li><span style=\"font-weight: 400;\">Buscar voluntarios entre los miembros de la comunidad educativa, para las actividades necesarias.<\/span><\/li>\n<li><span style=\"font-weight: 400;\">Organizar al voluntariado<\/span><\/li>\n<li><span style=\"font-weight: 400;\">Formaci\u00f3n del voluntariado.<\/span><\/li>\n<\/ul>\n<p>LUGAR DE REUNI\u00d3N: Secretar\u00eda<\/p>\n","protected":false},"excerpt":{"rendered":"<p>Estamos en la renovaci\u00f3n de la fase del sue\u00f1o. de momento est\u00e1n aparcadas las comisiones hasta nueva constituci\u00f3n. \u00a0INFRAESTRUCTURAS COMPOSICI\u00d3N DE LA COMISI\u00d3N Familiares: &nbsp; Profesorado: &nbsp; LUGAR DE REUNI\u00d3N: Sala de Profesores &nbsp; PROPUESTAS Y TRABAJOS Ropero. La organizaci\u00f3n es responsabilidad de la comisi\u00f3n y la atenci\u00f3n es responsabilidad del centro (todo el claustro [&hellip;]<\/p>\n","protected":false},"author":1,"featured_media":0,"comment_status":"closed","ping_status":"closed","sticky":false,"template":"","format":"standard","meta":{"_genesis_hide_title":false,"_genesis_hide_breadcrumbs":false,"_genesis_hide_singular_image":false,"_genesis_hide_footer_widgets":false,"_genesis_custom_body_class":"","_genesis_custom_post_class":"","_genesis_layout":""},"categories":[10],"tags":[27,26,24,17,16,25,29,28,30],"_links":{"self":[{"href":"https:\/\/cpgarciagaldeano.educacion.navarra.es\/web\/wp-json\/wp\/v2\/posts\/165"}],"collection":[{"href":"https:\/\/cpgarciagaldeano.educacion.navarra.es\/web\/wp-json\/wp\/v2\/posts"}],"about":[{"href":"https:\/\/cpgarciagaldeano.educacion.navarra.es\/web\/wp-json\/wp\/v2\/types\/post"}],"author":[{"embeddable":true,"href":"https:\/\/cpgarciagaldeano.educacion.navarra.es\/web\/wp-json\/wp\/v2\/users\/1"}],"replies":[{"embeddable":true,"href":"https:\/\/cpgarciagaldeano.educacion.navarra.es\/web\/wp-json\/wp\/v2\/comments?post=165"}],"version-history":[{"count":29,"href":"https:\/\/cpgarciagaldeano.educacion.navarra.es\/web\/wp-json\/wp\/v2\/posts\/165\/revisions"}],"predecessor-version":[{"id":1417,"href":"https:\/\/cpgarciagaldeano.educacion.navarra.es\/web\/wp-json\/wp\/v2\/posts\/165\/revisions\/1417"}],"wp:attachment":[{"href":"https:\/\/cpgarciagaldeano.educacion.navarra.es\/web\/wp-json\/wp\/v2\/media?parent=165"}],"wp:term":[{"taxonomy":"category","embeddable":true,"href":"https:\/\/cpgarciagaldeano.educacion.navarra.es\/web\/wp-json\/wp\/v2\/categories?post=165"},{"taxonomy":"post_tag","embeddable":true,"href":"https:\/\/cpgarciagaldeano.educacion.navarra.es\/web\/wp-json\/wp\/v2\/tags?post=165"}],"curies":[{"name":"wp","href":"https:\/\/api.w.org\/{rel}","templated":true}]}}