{"id":651,"date":"2016-05-03T19:51:29","date_gmt":"2016-05-03T17:51:29","guid":{"rendered":"http:\/\/cpgarciagaldeano.educacion.navarra.es\/web\/?p=651"},"modified":"2017-02-04T12:04:43","modified_gmt":"2017-02-04T11:04:43","slug":"suenos","status":"publish","type":"post","link":"https:\/\/cpgarciagaldeano.educacion.navarra.es\/web\/blog\/2016\/05\/03\/suenos\/","title":{"rendered":"SUE\u00d1OS"},"content":{"rendered":"<p><a href=\"https:\/\/cpgarciagaldeano.educacion.navarra.es\/web\/wp-content\/uploads\/2016\/05\/se\u00f1ostren.jpg\"><img loading=\"lazy\" class=\"alignnone wp-image-684 size-full\" src=\"https:\/\/cpgarciagaldeano.educacion.navarra.es\/web\/wp-content\/uploads\/2016\/05\/se\u00f1ostren.jpg\" alt=\"se\u00f1ostren\" width=\"1021\" height=\"210\" srcset=\"https:\/\/cpgarciagaldeano.educacion.navarra.es\/web\/wp-content\/uploads\/2016\/05\/se\u00f1ostren.jpg 1021w, https:\/\/cpgarciagaldeano.educacion.navarra.es\/web\/wp-content\/uploads\/2016\/05\/se\u00f1ostren-300x62.jpg 300w, https:\/\/cpgarciagaldeano.educacion.navarra.es\/web\/wp-content\/uploads\/2016\/05\/se\u00f1ostren-768x158.jpg 768w\" sizes=\"(max-width: 1021px) 100vw, 1021px\" \/><\/a><\/p>\n<p>Estimada familia:<\/p>\n<p style=\"text-align: justify;\">Parece que fue ayer cuando decidimos transformar nuestra escuela en Comunidad de Aprendizaje y sin embargo han pasado ya 5 a\u00f1os. En el curso 2011\/12 realizamos la fase del sue\u00f1o, fue el motor de arranque de la ilusi\u00f3n, del sentido y del encantamiento, la ocasi\u00f3n para que nuestra comunidad, grandes y peque\u00f1os, j\u00f3venes y mayores dieran rienda suelta a su imaginaci\u00f3n y a sus aspiraciones. So\u00f1\u00e1bamos con elegir el men\u00fa del comedor, con disponer de m\u00e1s tiempo para los recreos, con mejorar la convivencia, el respeto hacia los dem\u00e1s y valorar sus posibilidades, una escuela para todos y todas sin distinciones de religi\u00f3n, raza, cultura,\u2026, una escuela con acuario, con piscina, con un patio cubierto, con un arenero, con una huerta, con clases de franc\u00e9s, \u00e1rabe, chino, etc. Hemos conseguido con el esfuerzo de todos cumplir algunos de nuestros sue\u00f1os. Pasados estos a\u00f1os y despu\u00e9s de la entrada y salida cada curso de nuevos miembros a la Comunidad queremos volver de nuevo al punto de partida, darnos de nuevo la oportunidad de renovar ilusiones, de idear, entre todos y todas, el centro con el que so\u00f1amos.<\/p>\n<p>OS PROPONEMOS CON ESTE LIBRO RECOGER VUESTROS SUE\u00d1OS Y AS\u00cd INTENTAR HACER REALIDAD LA ESCUELA QUE QUER\u00c9IS PARA VUESTROS HIJOS E HIJAS.<\/p>\n<p style=\"text-align: justify;\">Este libro viajar\u00e1 a vuestros hogares para que todos (padres, madres, abuelos, abuelas, t\u00edos, t\u00edas,\u2026) teng\u00e1is la oportunidad de escribir o bien dibujar aquello que os parece importante que est\u00e9 o suceda en la escuela y que teng\u00e1is la libertad de poder hacerlo en vuestra lengua materna, se\u00f1a tambi\u00e9n de la diversidad de nuestra escuela. En este sue\u00f1o, construido con las voces de todas las personas, es donde se reinicia nuestro proyecto. Creemos que s\u00f3lo en la interacci\u00f3n comunicativa de las familias, profesorado, alumnado, barrio y sociedad es posible construir un proyecto educativo \u00fatil y una escuela de futuro.<\/p>\n<p>Os invitamos a todos a que form\u00e9is parte de este sue\u00f1o y que los escrib\u00e1is para que se hagan realidad.<\/p>\n<div role=\"form\" class=\"wpcf7\" id=\"wpcf7-f653-o1\" lang=\"es-ES\" dir=\"ltr\">\n<div class=\"screen-reader-response\"><p role=\"status\" aria-live=\"polite\" aria-atomic=\"true\"><\/p> <ul><\/ul><\/div>\n<form action=\"\/web\/wp-json\/wp\/v2\/posts\/651#wpcf7-f653-o1\" method=\"post\" class=\"wpcf7-form init\" novalidate=\"novalidate\" data-status=\"init\">\n<div style=\"display: none;\">\n<input type=\"hidden\" name=\"_wpcf7\" value=\"653\" \/>\n<input type=\"hidden\" name=\"_wpcf7_version\" value=\"5.6.4\" \/>\n<input type=\"hidden\" name=\"_wpcf7_locale\" value=\"es_ES\" \/>\n<input type=\"hidden\" name=\"_wpcf7_unit_tag\" value=\"wpcf7-f653-o1\" \/>\n<input type=\"hidden\" name=\"_wpcf7_container_post\" value=\"0\" \/>\n<input type=\"hidden\" name=\"_wpcf7_posted_data_hash\" value=\"\" \/>\n<\/div>\n<p>Tu nombre (obligatorio)<br \/>\n    <span class=\"wpcf7-form-control-wrap\" data-name=\"your-name\"><input type=\"text\" name=\"your-name\" value=\"\" size=\"40\" class=\"wpcf7-form-control wpcf7-text wpcf7-validates-as-required\" aria-required=\"true\" aria-invalid=\"false\" \/><\/span> <\/p>\n<p>Tu curso (obligatorio)<br \/>\n    <span class=\"wpcf7-form-control-wrap\" data-name=\"your-name\"><input type=\"text\" name=\"your-name\" value=\"\" size=\"40\" class=\"wpcf7-form-control wpcf7-text wpcf7-validates-as-required\" aria-required=\"true\" aria-invalid=\"false\" \/><\/span> <\/p>\n<p>\u00bfCu\u00e1les son tus sue\u00f1os?(obligatorio)<br \/>\n    <span class=\"wpcf7-form-control-wrap\" data-name=\"your-subject\"><input type=\"text\" name=\"your-subject\" value=\"\" size=\"40\" class=\"wpcf7-form-control wpcf7-text wpcf7-validates-as-required\" aria-required=\"true\" aria-invalid=\"false\" \/><\/span> <\/p>\n<p>Tu mensaje<br \/>\n    <span class=\"wpcf7-form-control-wrap\" data-name=\"your-message\"><textarea name=\"your-message\" cols=\"40\" rows=\"10\" class=\"wpcf7-form-control wpcf7-textarea\" aria-invalid=\"false\"><\/textarea><\/span> <\/p>\n<p><input type=\"submit\" value=\"Enviar\" class=\"wpcf7-form-control has-spinner wpcf7-submit\" \/><\/p>\n<p style=\"display: none !important;\" class=\"akismet-fields-container\" data-prefix=\"_wpcf7_ak_\"><label>&#916;<textarea name=\"_wpcf7_ak_hp_textarea\" cols=\"45\" rows=\"8\" maxlength=\"100\"><\/textarea><\/label><input type=\"hidden\" id=\"ak_js_1\" name=\"_wpcf7_ak_js\" value=\"146\"\/><script>document.getElementById( \"ak_js_1\" ).setAttribute( \"value\", ( new Date() ).getTime() );<\/script><\/p><div class=\"wpcf7-response-output\" aria-hidden=\"true\"><\/div><\/form><\/div>\n","protected":false},"excerpt":{"rendered":"<p>Estimada familia: Parece que fue ayer cuando decidimos transformar nuestra escuela en Comunidad de Aprendizaje y sin embargo han pasado ya 5 a\u00f1os. En el curso 2011\/12 realizamos la fase del sue\u00f1o, fue el motor de arranque de la ilusi\u00f3n, del sentido y del encantamiento, la ocasi\u00f3n para que nuestra comunidad, grandes y peque\u00f1os, j\u00f3venes [&hellip;]<\/p>\n","protected":false},"author":1,"featured_media":989,"comment_status":"closed","ping_status":"open","sticky":false,"template":"","format":"standard","meta":{"_genesis_hide_title":false,"_genesis_hide_breadcrumbs":false,"_genesis_hide_singular_image":false,"_genesis_hide_footer_widgets":false,"_genesis_custom_body_class":"","_genesis_custom_post_class":"","_genesis_layout":""},"categories":[1],"tags":[55,43],"_links":{"self":[{"href":"https:\/\/cpgarciagaldeano.educacion.navarra.es\/web\/wp-json\/wp\/v2\/posts\/651"}],"collection":[{"href":"https:\/\/cpgarciagaldeano.educacion.navarra.es\/web\/wp-json\/wp\/v2\/posts"}],"about":[{"href":"https:\/\/cpgarciagaldeano.educacion.navarra.es\/web\/wp-json\/wp\/v2\/types\/post"}],"author":[{"embeddable":true,"href":"https:\/\/cpgarciagaldeano.educacion.navarra.es\/web\/wp-json\/wp\/v2\/users\/1"}],"replies":[{"embeddable":true,"href":"https:\/\/cpgarciagaldeano.educacion.navarra.es\/web\/wp-json\/wp\/v2\/comments?post=651"}],"version-history":[{"count":5,"href":"https:\/\/cpgarciagaldeano.educacion.navarra.es\/web\/wp-json\/wp\/v2\/posts\/651\/revisions"}],"predecessor-version":[{"id":686,"href":"https:\/\/cpgarciagaldeano.educacion.navarra.es\/web\/wp-json\/wp\/v2\/posts\/651\/revisions\/686"}],"wp:featuredmedia":[{"embeddable":true,"href":"https:\/\/cpgarciagaldeano.educacion.navarra.es\/web\/wp-json\/wp\/v2\/media\/989"}],"wp:attachment":[{"href":"https:\/\/cpgarciagaldeano.educacion.navarra.es\/web\/wp-json\/wp\/v2\/media?parent=651"}],"wp:term":[{"taxonomy":"category","embeddable":true,"href":"https:\/\/cpgarciagaldeano.educacion.navarra.es\/web\/wp-json\/wp\/v2\/categories?post=651"},{"taxonomy":"post_tag","embeddable":true,"href":"https:\/\/cpgarciagaldeano.educacion.navarra.es\/web\/wp-json\/wp\/v2\/tags?post=651"}],"curies":[{"name":"wp","href":"https:\/\/api.w.org\/{rel}","templated":true}]}}